{"id":125,"date":"2013-10-03T20:12:19","date_gmt":"2013-10-03T19:12:19","guid":{"rendered":"http:\/\/mdeschenes.com\/blogue\/?p=125"},"modified":"2013-10-03T20:20:06","modified_gmt":"2013-10-03T19:20:06","slug":"le-developpement-professionnel-un-sujet-dactualite","status":"publish","type":"post","link":"http:\/\/mdeschenes.com\/blogue\/le-developpement-professionnel-un-sujet-dactualite\/","title":{"rendered":"Le d\u00e9veloppement professionnel, un sujet d&rsquo;actualit\u00e9!"},"content":{"rendered":"<p>Le 2 octobre dernier, le CTREQ publiait un article : <a title=\"CTREQ : Comment dynamiser le d\u00e9veloppement professionnel?\" href=\"http:\/\/www.ctreq.qc.ca\/comment-dynamiser-developpement-professionnel\/\" target=\"_blank\">Comment dynamiser le d\u00e9veloppement professionnel<\/a>? J&rsquo;ai \u00e9t\u00e9 tr\u00e8s heureuse d&rsquo;y lire les extraits suivants :<\/p>\n<blockquote><p>Les enseignants sont des professionnels. Ils doivent participer aux choix des activit\u00e9s. Ils ont un r\u00f4le \u00e0 jouer dans les comit\u00e9s de perfectionnement et dans la d\u00e9termination des besoins de l\u2019\u00e9tablissement. [&#8230;]\u00a0Le d\u00e9veloppement professionnel exige aussi une <strong>interaction entre les acteurs<\/strong>, ajoute-t-elle. Ces derniers doivent donc \u00eatre pr\u00eats \u00e0 accepter le regard critique de l\u2019autre. [&#8230;]\u00a0<strong>Le d\u00e9veloppement professionnel doit faire l\u2019objet de recherche<\/strong> scientifique et tenir compte des savoirs d\u2019exp\u00e9rience, estime Mirela Moldoveanu. Les travaux de recherche devraient porter sur les <strong>pratiques gagnantes<\/strong>, ils devraient \u00e9tudier leur fonctionnement et les r\u00e9sistances aux changements.[&#8230;]\u00a0M\u00e9lanie Marsolais constate pour sa part que le milieu communautaire adopte <strong>des approches de d\u00e9veloppement professionnel souvent moins formelles<\/strong>, qui pourraient inspirer le secteur de l\u2019\u00e9ducation.<\/p><\/blockquote>\n<p>Au moment o\u00f9 je mets la touche finale au questionnaire qui sera envoy\u00e9 \u00e0 un tr\u00e8s grand nombre d&rsquo;enseignants prochainement, c&rsquo;est int\u00e9ressant pour moi de voir que mon projet de recherche s&rsquo;aligne sur ces constats! Mon cadre conceptuel\u00a0aborde les principes de d\u00e9veloppement professionnel collaboratif et les apprentissages r\u00e9alis\u00e9s en contextes non formel et informel. Mon questionnaire visera \u00e0 connaitre les pratiques gagnantes et les impacts sur la pratique des enseignants utilisant des outils du web social \u00e0 des fins professionnelles.<\/p>\n","protected":false},"excerpt":{"rendered":"<p>Le 2 octobre dernier, le CTREQ publiait un article : Comment dynamiser le d\u00e9veloppement professionnel? J&rsquo;ai \u00e9t\u00e9 tr\u00e8s heureuse d&rsquo;y lire les extraits suivants : Les enseignants sont des professionnels. Ils doivent participer aux choix des activit\u00e9s. Ils ont un r\u00f4le \u00e0 jouer dans les comit\u00e9s de perfectionnement et dans la d\u00e9termination des besoins de&hellip; <a class=\"more-link\" href=\"http:\/\/mdeschenes.com\/blogue\/le-developpement-professionnel-un-sujet-dactualite\/\">Poursuivre la lecture <span class=\"screen-reader-text\">Le d\u00e9veloppement professionnel, un sujet d&rsquo;actualit\u00e9!<\/span><\/a><\/p>\n","protected":false},"author":1,"featured_media":0,"comment_status":"open","ping_status":"open","sticky":false,"template":"","format":"standard","meta":[],"categories":[7],"tags":[],"_links":{"self":[{"href":"http:\/\/mdeschenes.com\/blogue\/wp-json\/wp\/v2\/posts\/125"}],"collection":[{"href":"http:\/\/mdeschenes.com\/blogue\/wp-json\/wp\/v2\/posts"}],"about":[{"href":"http:\/\/mdeschenes.com\/blogue\/wp-json\/wp\/v2\/types\/post"}],"author":[{"embeddable":true,"href":"http:\/\/mdeschenes.com\/blogue\/wp-json\/wp\/v2\/users\/1"}],"replies":[{"embeddable":true,"href":"http:\/\/mdeschenes.com\/blogue\/wp-json\/wp\/v2\/comments?post=125"}],"version-history":[{"count":1,"href":"http:\/\/mdeschenes.com\/blogue\/wp-json\/wp\/v2\/posts\/125\/revisions"}],"predecessor-version":[{"id":127,"href":"http:\/\/mdeschenes.com\/blogue\/wp-json\/wp\/v2\/posts\/125\/revisions\/127"}],"wp:attachment":[{"href":"http:\/\/mdeschenes.com\/blogue\/wp-json\/wp\/v2\/media?parent=125"}],"wp:term":[{"taxonomy":"category","embeddable":true,"href":"http:\/\/mdeschenes.com\/blogue\/wp-json\/wp\/v2\/categories?post=125"},{"taxonomy":"post_tag","embeddable":true,"href":"http:\/\/mdeschenes.com\/blogue\/wp-json\/wp\/v2\/tags?post=125"}],"curies":[{"name":"wp","href":"https:\/\/api.w.org\/{rel}","templated":true}]}}