{"id":243,"date":"2015-08-20T13:26:28","date_gmt":"2015-08-20T12:26:28","guid":{"rendered":"http:\/\/mdeschenes.com\/blogue\/?p=243"},"modified":"2015-08-20T13:26:28","modified_gmt":"2015-08-20T12:26:28","slug":"debut-dun-grand-projet-le-doctorat","status":"publish","type":"post","link":"http:\/\/mdeschenes.com\/blogue\/debut-dun-grand-projet-le-doctorat\/","title":{"rendered":"D\u00e9but d&rsquo;un grand projet : le doctorat!"},"content":{"rendered":"<p>Voil\u00e0, c\u2019est officiel\u00a0: je commence d\u00e8s cet automne le doctorat en <a href=\"http:\/\/www2.ulaval.ca\/les-etudes\/programmes\/repertoire\/details\/doctorat-en-technologie-educative-ph-d.html\">technologie \u00e9ducative<\/a> \u00e0 l\u2019Universit\u00e9 Laval, sous la direction de madame Th\u00e9r\u00e8se Laferri\u00e8re! Neuf ans apr\u00e8s la fin de maitrise, \u00e9quip\u00e9e de mes huit ann\u00e9es d\u2019exp\u00e9rience de prof et deux projets de recherche, en plein cong\u00e9 de maternit\u00e9, je me sens enfin pr\u00eate pour m\u2019attaquer \u00e0 ce beau projet!<\/p>\n<p>Le plan\u00a0: concevoir et d\u00e9velopper un tableau de bord pour faciliter la prise en charge par les enseignants de leur propre d\u00e9veloppement professionnel!<\/p>\n<p>Je m\u2019int\u00e9resserai donc au d\u00e9veloppement professionnel des enseignants, aux diff\u00e9rents contextes d\u2019apprentissages (formel, semi-formel, non-formel, informel), au concept d\u2019heutagogie, au <em>learning analytics<\/em> et \u00e0 la visualisation de donn\u00e9es dans un contexte de prise de d\u00e9cision.<\/p>\n<p>Gros programme, me direz-vous! \u00c7a se pr\u00e9cisera \u00e9videmment en cours de route!<\/p>\n<p>Ce\u00a0sera dans la lign\u00e9e de ma <a href=\"http:\/\/iteractive.ca\/publications\/Essai_MichelleDeschenes.pdf\" target=\"_blank\">maitrise<\/a>, durant laquelle j\u2019ai d\u00e9velopp\u00e9 un outil d\u2019observation (tableau de bord) de l\u2019activit\u00e9 d\u2019une communaut\u00e9 en r\u00e9seau (en 2006, quand m\u00eame!). \u00c7a rejoindra aussi mon int\u00e9r\u00eat pour le d\u00e9veloppement professionnel des enseignants. Mon dernier <a href=\"http:\/\/iteractive.ca\/devpro\/\" target=\"_blank\">projet de recherche<\/a> m\u2019a permis de confirmer que des profs qui utilisent les outils du web social notent des <a href=\"http:\/\/iteractive.ca\/publications\/mdeschenes_devpro_poster.pdf\" target=\"_blank\">r\u00e9percussions sur leur pratique\u00a0<\/a>: il ne faudrait pas en rester l\u00e0! Enfin, \u00e7a me permettra de continuer \u00e0 me perfectionner dans le d\u00e9veloppement d\u2019applications web, un domaine o\u00f9 il ne faut pas cligner des yeux trop longtemps si on veut rester \u00e0 jour!<\/p>\n<p>Alors pour les prochaines ann\u00e9es, il y a des chances que je vous casse les oreilles avec \u00e7a!<\/p>\n","protected":false},"excerpt":{"rendered":"<p>Voil\u00e0, c\u2019est officiel\u00a0: je commence d\u00e8s cet automne le doctorat en technologie \u00e9ducative \u00e0 l\u2019Universit\u00e9 Laval, sous la direction de madame Th\u00e9r\u00e8se Laferri\u00e8re! Neuf ans apr\u00e8s la fin de maitrise, \u00e9quip\u00e9e de mes huit ann\u00e9es d\u2019exp\u00e9rience de prof et deux projets de recherche, en plein cong\u00e9 de maternit\u00e9, je me sens enfin pr\u00eate pour m\u2019attaquer&hellip; <a class=\"more-link\" href=\"http:\/\/mdeschenes.com\/blogue\/debut-dun-grand-projet-le-doctorat\/\">Poursuivre la lecture <span class=\"screen-reader-text\">D\u00e9but d&rsquo;un grand projet : le doctorat!<\/span><\/a><\/p>\n","protected":false},"author":1,"featured_media":0,"comment_status":"open","ping_status":"open","sticky":false,"template":"","format":"standard","meta":[],"categories":[8],"tags":[],"_links":{"self":[{"href":"http:\/\/mdeschenes.com\/blogue\/wp-json\/wp\/v2\/posts\/243"}],"collection":[{"href":"http:\/\/mdeschenes.com\/blogue\/wp-json\/wp\/v2\/posts"}],"about":[{"href":"http:\/\/mdeschenes.com\/blogue\/wp-json\/wp\/v2\/types\/post"}],"author":[{"embeddable":true,"href":"http:\/\/mdeschenes.com\/blogue\/wp-json\/wp\/v2\/users\/1"}],"replies":[{"embeddable":true,"href":"http:\/\/mdeschenes.com\/blogue\/wp-json\/wp\/v2\/comments?post=243"}],"version-history":[{"count":3,"href":"http:\/\/mdeschenes.com\/blogue\/wp-json\/wp\/v2\/posts\/243\/revisions"}],"predecessor-version":[{"id":246,"href":"http:\/\/mdeschenes.com\/blogue\/wp-json\/wp\/v2\/posts\/243\/revisions\/246"}],"wp:attachment":[{"href":"http:\/\/mdeschenes.com\/blogue\/wp-json\/wp\/v2\/media?parent=243"}],"wp:term":[{"taxonomy":"category","embeddable":true,"href":"http:\/\/mdeschenes.com\/blogue\/wp-json\/wp\/v2\/categories?post=243"},{"taxonomy":"post_tag","embeddable":true,"href":"http:\/\/mdeschenes.com\/blogue\/wp-json\/wp\/v2\/tags?post=243"}],"curies":[{"name":"wp","href":"https:\/\/api.w.org\/{rel}","templated":true}]}}