{"id":265,"date":"2015-10-12T16:08:18","date_gmt":"2015-10-12T15:08:18","guid":{"rendered":"http:\/\/mdeschenes.com\/blogue\/?p=265"},"modified":"2015-10-13T02:11:43","modified_gmt":"2015-10-13T01:11:43","slug":"le-groupe-facebook-les-tic-en-education","status":"publish","type":"post","link":"http:\/\/mdeschenes.com\/blogue\/le-groupe-facebook-les-tic-en-education\/","title":{"rendered":"Le groupe Facebook \u00ab\u00a0Les TIC en \u00e9ducation\u00a0\u00bb"},"content":{"rendered":"<p>Dans le cadre d&rsquo;un de mes cours au doctorat, \u00ab\u00a0<a href=\"https:\/\/www2.ulaval.ca\/les-etudes\/cours\/repertoire\/detailsCours\/ten-7000-apprentissage-en-reseau-pratique-internationale.html\" target=\"_blank\">Apprentissage en r\u00e9seau<\/a>\u00a0\u00bb, offert par Th\u00e9r\u00e8se Laferri\u00e8re, je me suis int\u00e9ress\u00e9e au groupe <a href=\"https:\/\/www.facebook.com\/groups\/lesticeneducation\/\" target=\"_blank\">Les TIC en \u00e9ducation<\/a> sur Facebook comme source potentielle de d\u00e9veloppement professionnel.<\/p>\n<p>J\u2019ai utilis\u00e9 l\u2019<a href=\"https:\/\/developers.facebook.com\/\" target=\"_blank\">API de Facebook<\/a> pour extraire les 100 derniers statuts et les commentaires (de premier niveau) qui y sont associ\u00e9s, en date du 7 octobre.<\/p>\n<p>J\u2019ai utilis\u00e9 d3.js pour illustrer les \u00e9changes. En cliquant sur le graphique suivant, vous aurez acc\u00e8s \u00e0 la version \u00ab\u00a0dynamique\u00a0\u00bb, qui permet de visualiser les \u00e9changes. Passez votre souris sur les noms pour voir les statuts de qui ils ont comment\u00e9 (en vert) et qui a comment\u00e9 leur statut (en rouge).<\/p>\n<p><a href=\"http:\/\/mdeschenes.com\/dev\/ticedu\/\" target=\"_blank\"><img loading=\"lazy\" class=\"aligncenter size-full wp-image-266\" src=\"http:\/\/mdeschenes.com\/blogue\/wp-content\/uploads\/2015\/10\/reseau.png\" alt=\"reseau\" width=\"324\" height=\"339\" srcset=\"http:\/\/mdeschenes.com\/blogue\/wp-content\/uploads\/2015\/10\/reseau.png 324w, http:\/\/mdeschenes.com\/blogue\/wp-content\/uploads\/2015\/10\/reseau-287x300.png 287w\" sizes=\"(max-width: 324px) 100vw, 324px\" \/><\/a><\/p>\n<p>J\u2019ai ensuite fait l\u2019analyse des statuts selon ces crit\u00e8res\u00a0:<\/p>\n<ol>\n<li>Est-ce une demande (\u00ab\u00a0je cherche\u2026\u00a0\u00bb) ou une offre (\u00ab\u00a0voici ce que j\u2019ai utilis\u00e9\u00a0\u00bb)?<\/li>\n<li>Quels th\u00e8mes sont abord\u00e9s? (en utilisant le mod\u00e8le <a href=\"http:\/\/www.tpack.org\/\" target=\"_blank\">TPaCK<\/a>, est-il question de technologie, p\u00e9dagogie, contenu, ou une combinaison de deux ou trois de ces th\u00e8mes?)<\/li>\n<li>Quand c\u2019\u00e9tait possible de le savoir, est-ce que les technologies dont il est question dans le statut sont utilis\u00e9es par l\u2019enseignant (pour faire une d\u00e9monstration, par exemple) ou par les \u00e9l\u00e8ves?<\/li>\n<li>Est-ce qu\u2019il s\u2019agit d\u2019une opinion ou c\u2019est plut\u00f4t un statut \u00ab\u00a0neutre\u00a0\u00bb?<\/li>\n<li>Est-ce que c\u2019est un partage de pratique et\/ou cela r\u00e9f\u00e8re-t-il \u00e0 la recherche?<\/li>\n<\/ol>\n<p>Les r\u00e9sultats dans cette infographie!<\/p>\n<p><a href=\"http:\/\/mdeschenes.com\/dev\/ticedu\/infographie_ticedu.png\" target=\"_blank\"><img class=\"aligncenter size-full\" src=\"http:\/\/mdeschenes.com\/dev\/ticedu\/infographie_ticedu.png\" alt=\"Infographie Les TIC en \u00e9ducation\" \/><\/a><\/p>\n<p>Le diagramme montre que 87 des 100 publications touchent les technologies, ce qui normal consid\u00e9rant qu\u2019il s\u2019agit d\u2019un groupe sur les TIC en \u00e9ducation. 27 statuts touchent la p\u00e9dagogie, ce qui peut\u00a0s\u2019expliquer par le fait qu\u2019il existe des groupes Facebook consacr\u00e9s \u00e0 la p\u00e9dagogie. Il serait toutefois int\u00e9ressant de voir le nombre de publications \u00e0 l\u2019intersection de la p\u00e9dagogie et de la technologie (et m\u00eame du contenu) augmenter.<\/p>\n<p>Parall\u00e8lement \u00e0 cette r\u00e9flexion, il ne faut pas n\u00e9gliger l\u2019int\u00e9r\u00eat pour les technologies que ces enseignants ont\u00a0: si c\u2019est \u00e0 partir de questions tr\u00e8s orient\u00e9es \u00ab\u00a0outils\u00a0\u00bb que des enseignants voient les avantages des TIC en \u00e9ducation et que \u00e7a leur donne envie d&rsquo;aller plus loin, je pense que \u00e7a demeure int\u00e9ressant.<\/p>\n<p>Aussi, il serait int\u00e9ressant d\u2019aborder plus d\u2019activit\u00e9s impliquant des \u00e9l\u00e8ves qui utilisent les technologies. Enfin, il serait souhaitable que plus de publications permettent de faire des liens entre la pratique et la recherche.<\/p>\n<p>Malgr\u00e9 ces b\u00e9mols (parce que c\u2019est notre expertise, \u00e0 S\u00e9verine et \u00e0 moi, de mettre des b\u00e9mols \ud83d\ude09 ), je pense que le groupe Les TIC en \u00e9ducation rassemble des enseignants motiv\u00e9s \u00e0 utiliser les technologies (\u00e0 diff\u00e9rents niveaux, ce qui me semble tout \u00e0 fait dans l\u2019id\u00e9e d\u2019une \u00ab\u00a0communaut\u00e9\u00a0\u00bb) et qu\u2019il s\u2019agit d\u2019un excellent moyen de se d\u00e9velopper professionnellement!<\/p>\n<p>Un merci tout sp\u00e9cial \u00e0 <a href=\"https:\/\/twitter.com\/BrigitteProf\" target=\"_blank\">Brigitte L\u00e9onard<\/a>, qui a cr\u00e9\u00e9 le groupe, pour les \u00e9changes et l\u2019ouverture, et \u00e0 <a href=\"https:\/\/twitter.com\/sevparent\" target=\"_blank\">S\u00e9verine Parent<\/a>, mon associ\u00e9e et amie, pour la r\u00e9flexion et les r\u00e9f\u00e9rences!<\/p>\n","protected":false},"excerpt":{"rendered":"<p>Dans le cadre d&rsquo;un de mes cours au doctorat, \u00ab\u00a0Apprentissage en r\u00e9seau\u00a0\u00bb, offert par Th\u00e9r\u00e8se Laferri\u00e8re, je me suis int\u00e9ress\u00e9e au groupe Les TIC en \u00e9ducation sur Facebook comme source potentielle de d\u00e9veloppement professionnel. J\u2019ai utilis\u00e9 l\u2019API de Facebook pour extraire les 100 derniers statuts et les commentaires (de premier niveau) qui y sont associ\u00e9s,&hellip; <a class=\"more-link\" href=\"http:\/\/mdeschenes.com\/blogue\/le-groupe-facebook-les-tic-en-education\/\">Poursuivre la lecture <span class=\"screen-reader-text\">Le groupe Facebook \u00ab\u00a0Les TIC en \u00e9ducation\u00a0\u00bb<\/span><\/a><\/p>\n","protected":false},"author":1,"featured_media":0,"comment_status":"open","ping_status":"open","sticky":false,"template":"","format":"standard","meta":[],"categories":[3,8],"tags":[],"_links":{"self":[{"href":"http:\/\/mdeschenes.com\/blogue\/wp-json\/wp\/v2\/posts\/265"}],"collection":[{"href":"http:\/\/mdeschenes.com\/blogue\/wp-json\/wp\/v2\/posts"}],"about":[{"href":"http:\/\/mdeschenes.com\/blogue\/wp-json\/wp\/v2\/types\/post"}],"author":[{"embeddable":true,"href":"http:\/\/mdeschenes.com\/blogue\/wp-json\/wp\/v2\/users\/1"}],"replies":[{"embeddable":true,"href":"http:\/\/mdeschenes.com\/blogue\/wp-json\/wp\/v2\/comments?post=265"}],"version-history":[{"count":4,"href":"http:\/\/mdeschenes.com\/blogue\/wp-json\/wp\/v2\/posts\/265\/revisions"}],"predecessor-version":[{"id":270,"href":"http:\/\/mdeschenes.com\/blogue\/wp-json\/wp\/v2\/posts\/265\/revisions\/270"}],"wp:attachment":[{"href":"http:\/\/mdeschenes.com\/blogue\/wp-json\/wp\/v2\/media?parent=265"}],"wp:term":[{"taxonomy":"category","embeddable":true,"href":"http:\/\/mdeschenes.com\/blogue\/wp-json\/wp\/v2\/categories?post=265"},{"taxonomy":"post_tag","embeddable":true,"href":"http:\/\/mdeschenes.com\/blogue\/wp-json\/wp\/v2\/tags?post=265"}],"curies":[{"name":"wp","href":"https:\/\/api.w.org\/{rel}","templated":true}]}}