{"id":370,"date":"2016-01-04T18:55:24","date_gmt":"2016-01-04T17:55:24","guid":{"rendered":"http:\/\/mdeschenes.com\/blogue\/?p=370"},"modified":"2016-01-04T18:55:24","modified_gmt":"2016-01-04T17:55:24","slug":"ma-petite-contribution-au-defiprofsbranches","status":"publish","type":"post","link":"http:\/\/mdeschenes.com\/blogue\/ma-petite-contribution-au-defiprofsbranches\/","title":{"rendered":"Ma petite contribution au #d\u00e9fiprofsbranch\u00e9s"},"content":{"rendered":"<p>Un <a href=\"http:\/\/www.magirard.com\/un-defi-lance-aux-enseignants-branches\/\" target=\"_blank\">d\u00e9fi<\/a> lanc\u00e9 par <a href=\"https:\/\/twitter.com\/magirard\" target=\"_blank\">Marc-Andr\u00e9 Girard<\/a> fait \u00e9cho \u00e0 ce que\u00a0j&rsquo;ai dit\u00a0toutes les fois o\u00f9 j&rsquo;ai pr\u00e9sent\u00e9 les r\u00e9sultats de mon projet de recherche portant sur le <a href=\"http:\/\/iteractive.ca\/devpro\/\" target=\"_blank\">web social comme levier de d\u00e9veloppement professionnel<\/a>\u00a0: le probl\u00e8me, c&rsquo;est qu&rsquo;on se parle \u00ab\u00a0entre nous\u00a0\u00bb. Nous sommes sensibles\u00a0au fait que\u00a0les\u00a0outils du web social multiplient\u00a0les occasions d\u2019entrer en relation avec\u00a0des professionnels de l&rsquo;\u00e9ducation (ou de notre domaine d&rsquo;enseignement) et que ces interactions (et confrontations, d\u00e9bats, \u00e9changes et partages) alimentent le d\u00e9veloppement professionnel\u00a0(<a href=\"http:\/\/iteractive.ca\/devpro\/mediagraphie\/\" target=\"_blank\">Charlier et Donnay, 2008; Daele, 2004; Dionne, 2003;\u00a0Lauzon, 2002<\/a>).<\/p>\n<p>Je concluais mes ateliers avec le m\u00eame d\u00e9fi que Marc-Andr\u00e9 : si vous \u00eates d\u00e9j\u00e0 sur les r\u00e9seaux (et m\u00e9dias) sociaux \u00e0 des fins professionnelles et que vous voyez des <a href=\"http:\/\/iteractive.ca\/devpro\/resultats\/les-repercussions\/\" target=\"_blank\">r\u00e9percussions positives<\/a> sur votre pratique, votre d\u00e9fi est d&rsquo;y amener un de vos coll\u00e8gues pour qu&rsquo;il b\u00e9n\u00e9ficie des m\u00eames avantages.<\/p>\n<p>C&rsquo;est dans cette perspective que j&rsquo;ai r\u00e9dig\u00e9 un article pour la revue <a href=\"http:\/\/aqpc.qc.ca\/revue-pedagogie-collegiale\" target=\"_blank\">P\u00e9dagogie coll\u00e9giale<\/a>\u00a0paru en janvier 2015 : <a href=\"http:\/\/aqpc.qc.ca\/sites\/default\/files\/revue\/Desch%25C3%25AAnes-Vol_%252028-2.pdf\" target=\"_blank\">Comment utiliser les r\u00e9seaux sociaux pour se d\u00e9velopper professionnellement?<\/a>. J&rsquo;y \u00e9crivais :<\/p>\n<blockquote><p>Vous \u00eates maintenant tent\u00e9 d\u2019int\u00e9grer les outils du Web social \u00e0 votre d\u00e9marche de d\u00e9veloppement professionnel, mais vous trouvez qu\u2019ils sont trop nombreux, que vous ne les connaissez pas suffisamment ou que les activit\u00e9s qu\u2019ils permettent exigent trop de temps ? Vous vous demandez comment d\u00e9buter ?<\/p><\/blockquote>\n<p>Ma petite contribution prend la forme de quatre recommandations, que vous pouvez lire \u00ab\u00a0au long\u00a0\u00bb en suivant les liens suivants, ou en version r\u00e9sum\u00e9e dans l&rsquo;article (pages 9 et 10)!<\/p>\n<ol>\n<li><a title=\"Recommandation 1 :  S\u00e9lectionner les bonnes activit\u00e9s sur les bons outils\" href=\"http:\/\/iteractive.ca\/devpro\/le-web-social-comme-levier-de-developpement-professionnel-par-ou-commencer\/recommandation-1-selectionner-les-bonnes-activites-sur-les-bons-outils\/\" target=\"_blank\">S\u00e9lectionner les bonnes activit\u00e9s sur les bons outils<\/a><\/li>\n<li><a title=\"Recommandation 2 :  S\u2019impliquer progressivement\" href=\"http:\/\/iteractive.ca\/devpro\/le-web-social-comme-levier-de-developpement-professionnel-par-ou-commencer\/recommandation-2-simpliquer-progressivement\/\" target=\"_blank\">S\u2019impliquer progressivement<\/a><\/li>\n<li><a title=\"Recommandation 3 :  Confronter ses id\u00e9es \u00e0 celles des autres\" href=\"http:\/\/iteractive.ca\/devpro\/le-web-social-comme-levier-de-developpement-professionnel-par-ou-commencer\/recommandation-3-confronter-ses-idees-a-celles-des-autres\/\" target=\"_blank\">Confronter ses id\u00e9es \u00e0 celles des autres<\/a><\/li>\n<li><a title=\"Recommandation 4 : Utiliser des outils pour faciliter le suivi\" href=\"http:\/\/iteractive.ca\/devpro\/le-web-social-comme-levier-de-developpement-professionnel-par-ou-commencer\/recommandation-4-utiliser-des-outils-pour-faciliter-le-suivi\/\" target=\"_blank\">Utiliser des outils pour faciliter le suivi<\/a><\/li>\n<\/ol>\n<p>Il ne me reste plus qu&rsquo;\u00e0 vous souhaiter une excellente ann\u00e9e 2016!<\/p>\n","protected":false},"excerpt":{"rendered":"<p>Un d\u00e9fi lanc\u00e9 par Marc-Andr\u00e9 Girard fait \u00e9cho \u00e0 ce que\u00a0j&rsquo;ai dit\u00a0toutes les fois o\u00f9 j&rsquo;ai pr\u00e9sent\u00e9 les r\u00e9sultats de mon projet de recherche portant sur le web social comme levier de d\u00e9veloppement professionnel\u00a0: le probl\u00e8me, c&rsquo;est qu&rsquo;on se parle \u00ab\u00a0entre nous\u00a0\u00bb. Nous sommes sensibles\u00a0au fait que\u00a0les\u00a0outils du web social multiplient\u00a0les occasions d\u2019entrer en relation&hellip; <a class=\"more-link\" href=\"http:\/\/mdeschenes.com\/blogue\/ma-petite-contribution-au-defiprofsbranches\/\">Poursuivre la lecture <span class=\"screen-reader-text\">Ma petite contribution au #d\u00e9fiprofsbranch\u00e9s<\/span><\/a><\/p>\n","protected":false},"author":1,"featured_media":0,"comment_status":"open","ping_status":"open","sticky":false,"template":"","format":"standard","meta":[],"categories":[3,7],"tags":[],"_links":{"self":[{"href":"http:\/\/mdeschenes.com\/blogue\/wp-json\/wp\/v2\/posts\/370"}],"collection":[{"href":"http:\/\/mdeschenes.com\/blogue\/wp-json\/wp\/v2\/posts"}],"about":[{"href":"http:\/\/mdeschenes.com\/blogue\/wp-json\/wp\/v2\/types\/post"}],"author":[{"embeddable":true,"href":"http:\/\/mdeschenes.com\/blogue\/wp-json\/wp\/v2\/users\/1"}],"replies":[{"embeddable":true,"href":"http:\/\/mdeschenes.com\/blogue\/wp-json\/wp\/v2\/comments?post=370"}],"version-history":[{"count":1,"href":"http:\/\/mdeschenes.com\/blogue\/wp-json\/wp\/v2\/posts\/370\/revisions"}],"predecessor-version":[{"id":371,"href":"http:\/\/mdeschenes.com\/blogue\/wp-json\/wp\/v2\/posts\/370\/revisions\/371"}],"wp:attachment":[{"href":"http:\/\/mdeschenes.com\/blogue\/wp-json\/wp\/v2\/media?parent=370"}],"wp:term":[{"taxonomy":"category","embeddable":true,"href":"http:\/\/mdeschenes.com\/blogue\/wp-json\/wp\/v2\/categories?post=370"},{"taxonomy":"post_tag","embeddable":true,"href":"http:\/\/mdeschenes.com\/blogue\/wp-json\/wp\/v2\/tags?post=370"}],"curies":[{"name":"wp","href":"https:\/\/api.w.org\/{rel}","templated":true}]}}