{"id":404,"date":"2016-06-06T17:02:41","date_gmt":"2016-06-06T16:02:41","guid":{"rendered":"http:\/\/mdeschenes.com\/blogue\/?p=404"},"modified":"2016-06-06T17:15:44","modified_gmt":"2016-06-06T16:15:44","slug":"projet-de-recherche-accepte","status":"publish","type":"post","link":"http:\/\/mdeschenes.com\/blogue\/projet-de-recherche-accepte\/","title":{"rendered":"Projet de recherche accept\u00e9!"},"content":{"rendered":"<p>Dans le cadre de <a href=\"http:\/\/iteractive.ca\/2015\/03\/developpement-professionnel-des-enseignants\/\">mon doctorat<\/a>, je m&rsquo;int\u00e9resse au d\u00e9veloppement de l&rsquo;<a href=\"http:\/\/iteractive.ca\/2016\/02\/lagentivite\/\">agentivit\u00e9<\/a> des enseignants (la capacit\u00e9 \u00e0 se fixer et \u00e0 atteindre des objectifs) dans le contexte de leur d\u00e9veloppement professionnel. Concr\u00e8tement, je con\u00e7ois et d\u00e9veloppe une plateforme num\u00e9rique de d\u00e9veloppement de l&rsquo;agentivit\u00e9, c&rsquo;est-\u00e0-dire une plateforme dans laquelle les enseignants pourront prendre en charge leur propre\u00a0d\u00e9veloppement professionnel.<\/p>\n<p>Aujourd&rsquo;hui, j&rsquo;ai re\u00e7u la lettre qui confirme que\u00a0ma proposition de projet pour le <a href=\"https:\/\/www.acpq.net\/Subventions-PREP\">Programme de recherche et d\u2019exp\u00e9rimentation p\u00e9dagogiques (PREP)<\/a> a \u00e9t\u00e9 accept\u00e9e par l&rsquo;Association des coll\u00e8ges priv\u00e9s du Qu\u00e9bec! Dans ce 3e projet dans le cadre de ce (super!) programme, je vais faire le pont avec mon doctorat en dressant un portrait\u00a0actuel\u00a0du d\u00e9veloppement professionnel au coll\u00e9gial priv\u00e9 et en tentant de r\u00e9pondre, sans m&rsquo;y limiter, \u00e0 des\u00a0questions comme :<\/p>\n<ul>\n<li>Quels sont les besoins de formation (notamment p\u00e9dagogiques, disciplinaires et technologiques) des enseignants des coll\u00e8ges priv\u00e9s\u00a0?<\/li>\n<li>Quels sont leurs objectifs d\u2019apprentissage \u00e0 court, moyen et long terme\u00a0?<\/li>\n<li>Quelles sont les modalit\u00e9s des activit\u00e9s qui m\u00e8nent \u00e0 des r\u00e9percussions positives sur leur pratique?<\/li>\n<li>Quels sont les d\u00e9fis et enjeux auxquels ils font face?<\/li>\n<li>Quelle importance accordent-ils \u00e0 la reconnaissance par leur employeur?<\/li>\n<li>Dans quelle mesure attribuent-ils la responsabilit\u00e9 de leur d\u00e9veloppement professionnel \u00e0 leur coll\u00e8ge\u00a0?<\/li>\n<li>Dans quelle mesure prennent-ils en charge leur propre d\u00e9veloppement professionnel?<\/li>\n<\/ul>\n<p>C&rsquo;est donc avec beaucoup de fiert\u00e9 que je me lancerai dans ce projet d\u00e8s la session d&rsquo;automne!<\/p>\n","protected":false},"excerpt":{"rendered":"<p>Dans le cadre de mon doctorat, je m&rsquo;int\u00e9resse au d\u00e9veloppement de l&rsquo;agentivit\u00e9 des enseignants (la capacit\u00e9 \u00e0 se fixer et \u00e0 atteindre des objectifs) dans le contexte de leur d\u00e9veloppement professionnel. Concr\u00e8tement, je con\u00e7ois et d\u00e9veloppe une plateforme num\u00e9rique de d\u00e9veloppement de l&rsquo;agentivit\u00e9, c&rsquo;est-\u00e0-dire une plateforme dans laquelle les enseignants pourront prendre en charge leur&hellip; <a class=\"more-link\" href=\"http:\/\/mdeschenes.com\/blogue\/projet-de-recherche-accepte\/\">Poursuivre la lecture <span class=\"screen-reader-text\">Projet de recherche accept\u00e9!<\/span><\/a><\/p>\n","protected":false},"author":1,"featured_media":0,"comment_status":"open","ping_status":"open","sticky":false,"template":"","format":"standard","meta":[],"categories":[3,8,7],"tags":[],"_links":{"self":[{"href":"http:\/\/mdeschenes.com\/blogue\/wp-json\/wp\/v2\/posts\/404"}],"collection":[{"href":"http:\/\/mdeschenes.com\/blogue\/wp-json\/wp\/v2\/posts"}],"about":[{"href":"http:\/\/mdeschenes.com\/blogue\/wp-json\/wp\/v2\/types\/post"}],"author":[{"embeddable":true,"href":"http:\/\/mdeschenes.com\/blogue\/wp-json\/wp\/v2\/users\/1"}],"replies":[{"embeddable":true,"href":"http:\/\/mdeschenes.com\/blogue\/wp-json\/wp\/v2\/comments?post=404"}],"version-history":[{"count":4,"href":"http:\/\/mdeschenes.com\/blogue\/wp-json\/wp\/v2\/posts\/404\/revisions"}],"predecessor-version":[{"id":408,"href":"http:\/\/mdeschenes.com\/blogue\/wp-json\/wp\/v2\/posts\/404\/revisions\/408"}],"wp:attachment":[{"href":"http:\/\/mdeschenes.com\/blogue\/wp-json\/wp\/v2\/media?parent=404"}],"wp:term":[{"taxonomy":"category","embeddable":true,"href":"http:\/\/mdeschenes.com\/blogue\/wp-json\/wp\/v2\/categories?post=404"},{"taxonomy":"post_tag","embeddable":true,"href":"http:\/\/mdeschenes.com\/blogue\/wp-json\/wp\/v2\/tags?post=404"}],"curies":[{"name":"wp","href":"https:\/\/api.w.org\/{rel}","templated":true}]}}