{"id":72,"date":"2013-05-28T19:14:44","date_gmt":"2013-05-28T18:14:44","guid":{"rendered":"http:\/\/mdeschenes.com\/blogue\/?p=72"},"modified":"2013-07-20T16:27:26","modified_gmt":"2013-07-20T15:27:26","slug":"le-point-sur-les-communautes","status":"publish","type":"post","link":"http:\/\/mdeschenes.com\/blogue\/le-point-sur-les-communautes\/","title":{"rendered":"Le point sur les communaut\u00e9s"},"content":{"rendered":"<p>Je le dis depuis longtemps, mais cette fois c&rsquo;est appuy\u00e9 d&rsquo;une r\u00e9f\u00e9rence :\u00a0\u00ab\u00a0le mot communaut\u00e9 a perdu son sens\u00a0\u00bb (Grossman, Wineburg et Woolworth, 2001).\u00a0Daele (2004) mentionne que le concept de \u00ab\u00a0communaut\u00e9\u00a0\u00bb devrait \u00eatre utilis\u00e9 de fa\u00e7on plus parcimonieuse: une communaut\u00e9 n&rsquo;est pas un regroupement, ni un r\u00e9seau, ni un groupe&#8230; De m\u00eame, ce n&rsquo;est pas parce qu&rsquo;une liste de discussion par courrier \u00e9lectronique est mise en place qu&rsquo;une communaut\u00e9 se cr\u00e9e automatiquement (Grossman, Wiileburg et Woolworth, 2001).\u00a0J&rsquo;aurais envie de faire la liste de tout ce qui est appel\u00e9 \u00ab\u00a0communaut\u00e9\u00a0\u00bb sans en \u00eatre une (le fait de\u00a0<em>liker<\/em>\u00a0la page de Coca-Cola ne fait pas de vous un membre de la communaut\u00e9 des fans de Coca-Cola&#8230;), mais je vais plut\u00f4t me lancer sur ce que c&rsquo;est. J&rsquo;envisage tout de m\u00eame une section\u00a0\u00ab\u00a0ceci n&rsquo;est pas une communaut\u00e9\u00a0\u00bb dans mon prochain rapport de recherche!<\/p>\n<p>Selon Grossman, Wineburg et Woolworth (2001) :<\/p>\n<blockquote><p>Une communaut\u00e9 est un\u00a0groupe de personnes qui sont socialement interd\u00e9pendantes, qui participent ensemble \u00e0 des discussions et des prises de d\u00e9cision, et qui partagent certaines pratiques qui, \u00e0 la fois, d\u00e9finissent la communaut\u00e9 et sont d\u00e9velopp\u00e9es par elle.<\/p><\/blockquote>\n<p>Lazar et Preece (2002) ajoute une pr\u00e9cision quant aux communaut\u00e9s virtuelles (je pr\u00e9f\u00e8re \u00ab\u00a0en r\u00e9seau\u00a0\u00bb ou \u00ab\u00a0en ligne\u00a0\u00bb) :<\/p>\n<blockquote><p>Une communaut\u00e9 virtuelle est un groupe d\u2019utilisateurs qui communiquent par un syst\u00e8me de communication m\u00e9diatis\u00e9e par ordinateur et qui a des int\u00e9r\u00eats communs, des buts partag\u00e9s et des ressources partag\u00e9es.<\/p><\/blockquote>\n<p>Daele (2004) pr\u00e9cise que Preece et Maloney-Krishmar (2003, p. 597) ajoutent \u00e0 cette d\u00e9finition cinq caract\u00e9ristiques inspir\u00e9es de Whittaker, Isaacs et O\u2019Day (1997) :<\/p>\n<blockquote>\n<ul>\n<li>les membres ont un but, un int\u00e9r\u00eat, une activit\u00e9 ou un besoin commun qui constitue la raison principale de leur appartenance \u00e0 la communaut\u00e9 ;<\/li>\n<li>les membres s\u2019engagent dans une participation r\u00e9p\u00e9t\u00e9e, active et il y a souvent des interactions intenses, des liens \u00e9motionnels forts et des activit\u00e9s communes entre les participants ;<\/li>\n<li>les membres ont acc\u00e8s \u00e0 des ressources partag\u00e9es et des r\u00e8gles d\u00e9terminent les modalit\u00e9s d\u2019acc\u00e8s \u00e0 ces ressources ;<\/li>\n<li>la r\u00e9ciprocit\u00e9 des informations, des soutiens et des services entre les participants est importante ;<\/li>\n<li>il y a un contexte de conventions sociales, d\u2019utilisation du langage et de fa\u00e7ons de se comporter.<\/li>\n<\/ul>\n<\/blockquote>\n<p><em>(J&rsquo;ai supprim\u00e9 la section \u00ab\u00a0types de communaut\u00e9s\u00a0\u00bb et j&rsquo;en ai fait un <a title=\"Types de communaut\u00e9s\" href=\"http:\/\/mdeschenes.com\/blogue\/types-de-communautes\/\">article<\/a>&#8230;)<\/em><\/p>\n<p>Voil\u00e0, c&rsquo;est dit, je vais mieux!<\/p>\n","protected":false},"excerpt":{"rendered":"<p>Je le dis depuis longtemps, mais cette fois c&rsquo;est appuy\u00e9 d&rsquo;une r\u00e9f\u00e9rence :\u00a0\u00ab\u00a0le mot communaut\u00e9 a perdu son sens\u00a0\u00bb (Grossman, Wineburg et Woolworth, 2001).\u00a0Daele (2004) mentionne que le concept de \u00ab\u00a0communaut\u00e9\u00a0\u00bb devrait \u00eatre utilis\u00e9 de fa\u00e7on plus parcimonieuse: une communaut\u00e9 n&rsquo;est pas un regroupement, ni un r\u00e9seau, ni un groupe&#8230; De m\u00eame, ce n&rsquo;est pas&hellip; <a class=\"more-link\" href=\"http:\/\/mdeschenes.com\/blogue\/le-point-sur-les-communautes\/\">Poursuivre la lecture <span class=\"screen-reader-text\">Le point sur les communaut\u00e9s<\/span><\/a><\/p>\n","protected":false},"author":1,"featured_media":0,"comment_status":"open","ping_status":"open","sticky":false,"template":"","format":"standard","meta":[],"categories":[7],"tags":[],"_links":{"self":[{"href":"http:\/\/mdeschenes.com\/blogue\/wp-json\/wp\/v2\/posts\/72"}],"collection":[{"href":"http:\/\/mdeschenes.com\/blogue\/wp-json\/wp\/v2\/posts"}],"about":[{"href":"http:\/\/mdeschenes.com\/blogue\/wp-json\/wp\/v2\/types\/post"}],"author":[{"embeddable":true,"href":"http:\/\/mdeschenes.com\/blogue\/wp-json\/wp\/v2\/users\/1"}],"replies":[{"embeddable":true,"href":"http:\/\/mdeschenes.com\/blogue\/wp-json\/wp\/v2\/comments?post=72"}],"version-history":[{"count":13,"href":"http:\/\/mdeschenes.com\/blogue\/wp-json\/wp\/v2\/posts\/72\/revisions"}],"predecessor-version":[{"id":75,"href":"http:\/\/mdeschenes.com\/blogue\/wp-json\/wp\/v2\/posts\/72\/revisions\/75"}],"wp:attachment":[{"href":"http:\/\/mdeschenes.com\/blogue\/wp-json\/wp\/v2\/media?parent=72"}],"wp:term":[{"taxonomy":"category","embeddable":true,"href":"http:\/\/mdeschenes.com\/blogue\/wp-json\/wp\/v2\/categories?post=72"},{"taxonomy":"post_tag","embeddable":true,"href":"http:\/\/mdeschenes.com\/blogue\/wp-json\/wp\/v2\/tags?post=72"}],"curies":[{"name":"wp","href":"https:\/\/api.w.org\/{rel}","templated":true}]}}