{"id":89,"date":"2013-06-08T16:06:51","date_gmt":"2013-06-08T15:06:51","guid":{"rendered":"http:\/\/mdeschenes.com\/blogue\/?p=89"},"modified":"2013-06-08T16:06:51","modified_gmt":"2013-06-08T15:06:51","slug":"projet-de-recherche-finalement-accepte","status":"publish","type":"post","link":"http:\/\/mdeschenes.com\/blogue\/projet-de-recherche-finalement-accepte\/","title":{"rendered":"Projet de recherche finalement accept\u00e9!"},"content":{"rendered":"<p>En mars dernier, j&rsquo;ai fait une demande pour faire un projet de recherche avec l&rsquo;<a title=\"ACPQ\" href=\"http:\/\/acpq.net\/index.php?option=com_content&amp;view=article&amp;id=32&amp;Itemid=8\" target=\"_blank\">Association des coll\u00e8ges priv\u00e9s du Qu\u00e9bec<\/a>. En avril, on m&rsquo;apprenait que mon projet \u00e9tait accept\u00e9 (y\u00e9!) et mon coll\u00e8ge acceptait que je commence d\u00e8s la session d&rsquo;\u00e9t\u00e9 (y\u00e9!). \u00c0 la fin du mois de mai, on apprenait que le <a title=\"MESRST\" href=\"http:\/\/www.mesrst.gouv.qc.ca\/\" target=\"_blank\">MESRST<\/a> n&rsquo;\u00e9tait pas en mesure de confirmer que les montants seraient allou\u00e9s aux coll\u00e8ges (chou)&#8230;<\/p>\n<p>Mon <a title=\"Coll\u00e8ge O'Sullivan de Qu\u00e9bec\" href=\"http:\/\/www.osullivan-quebec.qc.ca\/\" target=\"_blank\">coll\u00e8ge<\/a> a accept\u00e9 de financer mon projet pour cet \u00e9t\u00e9 (y\u00e9!), mais je savais que \u00e7a tomberait \u00e0 l&rsquo;eau \u00e0 la fin de l&rsquo;\u00e9t\u00e9 (chou).<\/p>\n<p>Hier, j&rsquo;ai appris que le MESRST allait finalement allouer les montants aux coll\u00e8ges : mon projet est donc officiellement accept\u00e9, financ\u00e9, et commenc\u00e9! (super y\u00e9!)<\/p>\n<p>Mon projet traitera du potentiel des activit\u00e9s r\u00e9alis\u00e9es sur le web social pour favoriser le d\u00e9veloppement professionnel des enseignants au coll\u00e9gial. Je m&rsquo;int\u00e9resse aux activit\u00e9s informelles et non formelles qu&rsquo;on peut r\u00e9aliser dans un environnement social et num\u00e9rique, que ce soit dans une structure de communaut\u00e9 (comme le fait de participer \u00e0 un groupe Facebook ou \u00e0 une communaut\u00e9 G+, de suivre un mot-clic, etc.) ou dans une structure de r\u00e9seau (comme le fait de se cr\u00e9er un r\u00e9seau sur Twitter \u00a0ou de participer \u00e0 plusieurs blogues).<\/p>\n<p>Tout \u00e7a se pr\u00e9cisera au fil de mes lectures et de la consultation que je ferai aupr\u00e8s des enseignants!<\/p>\n","protected":false},"excerpt":{"rendered":"<p>En mars dernier, j&rsquo;ai fait une demande pour faire un projet de recherche avec l&rsquo;Association des coll\u00e8ges priv\u00e9s du Qu\u00e9bec. En avril, on m&rsquo;apprenait que mon projet \u00e9tait accept\u00e9 (y\u00e9!) et mon coll\u00e8ge acceptait que je commence d\u00e8s la session d&rsquo;\u00e9t\u00e9 (y\u00e9!). \u00c0 la fin du mois de mai, on apprenait que le MESRST n&rsquo;\u00e9tait&hellip; <a class=\"more-link\" href=\"http:\/\/mdeschenes.com\/blogue\/projet-de-recherche-finalement-accepte\/\">Poursuivre la lecture <span class=\"screen-reader-text\">Projet de recherche finalement accept\u00e9!<\/span><\/a><\/p>\n","protected":false},"author":1,"featured_media":0,"comment_status":"open","ping_status":"open","sticky":false,"template":"","format":"standard","meta":[],"categories":[7],"tags":[],"_links":{"self":[{"href":"http:\/\/mdeschenes.com\/blogue\/wp-json\/wp\/v2\/posts\/89"}],"collection":[{"href":"http:\/\/mdeschenes.com\/blogue\/wp-json\/wp\/v2\/posts"}],"about":[{"href":"http:\/\/mdeschenes.com\/blogue\/wp-json\/wp\/v2\/types\/post"}],"author":[{"embeddable":true,"href":"http:\/\/mdeschenes.com\/blogue\/wp-json\/wp\/v2\/users\/1"}],"replies":[{"embeddable":true,"href":"http:\/\/mdeschenes.com\/blogue\/wp-json\/wp\/v2\/comments?post=89"}],"version-history":[{"count":2,"href":"http:\/\/mdeschenes.com\/blogue\/wp-json\/wp\/v2\/posts\/89\/revisions"}],"predecessor-version":[{"id":91,"href":"http:\/\/mdeschenes.com\/blogue\/wp-json\/wp\/v2\/posts\/89\/revisions\/91"}],"wp:attachment":[{"href":"http:\/\/mdeschenes.com\/blogue\/wp-json\/wp\/v2\/media?parent=89"}],"wp:term":[{"taxonomy":"category","embeddable":true,"href":"http:\/\/mdeschenes.com\/blogue\/wp-json\/wp\/v2\/categories?post=89"},{"taxonomy":"post_tag","embeddable":true,"href":"http:\/\/mdeschenes.com\/blogue\/wp-json\/wp\/v2\/tags?post=89"}],"curies":[{"name":"wp","href":"https:\/\/api.w.org\/{rel}","templated":true}]}}